{"id":471,"date":"2016-11-20T11:08:34","date_gmt":"2016-11-20T10:08:34","guid":{"rendered":"http:\/\/www.urban-architecture.com\/?p=471"},"modified":"2016-11-20T11:08:34","modified_gmt":"2016-11-20T10:08:34","slug":"mehrfachbeauftragung-neue-ortsmitte-schonwald-im-schwarzwald","status":"publish","type":"post","link":"https:\/\/www.urban-architecture.com\/?p=471","title":{"rendered":"Mehrfachbeauftragung Neue Ortsmitte Sch\u00f6nwald im Schwarzwald"},"content":{"rendered":"<p>Unser Beitrag bei der Mehrfachbeauftragung f\u00fcr die neue Ortsmitte in Sch\u00f6nwald im Schwarzwald. Zusammen mit Gr\u00fcne Welle Landschaftsarchitektur entwickelten wir ein neues Leitbild und r\u00e4umliches Gef\u00fcge f\u00fcr den Dorfplatz.<\/p>\n<div id=\"attachment_475\" style=\"width: 1717px\" class=\"wp-caption alignnone\"><img data-recalc-dims=\"1\" loading=\"lazy\" decoding=\"async\" aria-describedby=\"caption-attachment-475\" class=\"wp-image-475 size-full\" src=\"https:\/\/i0.wp.com\/www.urban-architecture.com\/wp-content\/uploads\/2016\/11\/web_perspektive-unten_klein.jpg?resize=700%2C410&#038;ssl=1\" alt=\"web_perspektive-unten_klein\" width=\"700\" height=\"410\" srcset=\"https:\/\/i0.wp.com\/www.urban-architecture.com\/wp-content\/uploads\/2016\/11\/web_perspektive-unten_klein.jpg?w=1707&amp;ssl=1 1707w, https:\/\/i0.wp.com\/www.urban-architecture.com\/wp-content\/uploads\/2016\/11\/web_perspektive-unten_klein.jpg?resize=300%2C176&amp;ssl=1 300w, https:\/\/i0.wp.com\/www.urban-architecture.com\/wp-content\/uploads\/2016\/11\/web_perspektive-unten_klein.jpg?resize=768%2C450&amp;ssl=1 768w, https:\/\/i0.wp.com\/www.urban-architecture.com\/wp-content\/uploads\/2016\/11\/web_perspektive-unten_klein.jpg?resize=1024%2C600&amp;ssl=1 1024w, https:\/\/i0.wp.com\/www.urban-architecture.com\/wp-content\/uploads\/2016\/11\/web_perspektive-unten_klein.jpg?w=1400&amp;ssl=1 1400w\" sizes=\"auto, (max-width: 700px) 100vw, 700px\" \/><p id=\"caption-attachment-475\" class=\"wp-caption-text\">Perspektive untere Platzebene<\/p><\/div>\n","protected":false},"excerpt":{"rendered":"<p>Unser Beitrag bei der Mehrfachbeauftragung f\u00fcr die neue Ortsmitte in Sch\u00f6nwald im Schwarzwald. Zusammen mit Gr\u00fcne Welle Landschaftsarchitektur entwickelten wir ein neues Leitbild und r\u00e4umliches Gef\u00fcge f\u00fcr den Dorfplatz.<\/p>\n","protected":false},"author":1,"featured_media":0,"comment_status":"closed","ping_status":"open","sticky":false,"template":"","format":"standard","meta":{"advanced_seo_description":"","jetpack_seo_html_title":"","jetpack_seo_noindex":false,"_jetpack_memberships_contains_paid_content":false,"footnotes":""},"categories":[1],"tags":[],"class_list":["post-471","post","type-post","status-publish","format-standard","hentry","category-uncategorized"],"jetpack_featured_media_url":"","jetpack_sharing_enabled":true,"_links":{"self":[{"href":"https:\/\/www.urban-architecture.com\/index.php?rest_route=\/wp\/v2\/posts\/471","targetHints":{"allow":["GET"]}}],"collection":[{"href":"https:\/\/www.urban-architecture.com\/index.php?rest_route=\/wp\/v2\/posts"}],"about":[{"href":"https:\/\/www.urban-architecture.com\/index.php?rest_route=\/wp\/v2\/types\/post"}],"author":[{"embeddable":true,"href":"https:\/\/www.urban-architecture.com\/index.php?rest_route=\/wp\/v2\/users\/1"}],"replies":[{"embeddable":true,"href":"https:\/\/www.urban-architecture.com\/index.php?rest_route=%2Fwp%2Fv2%2Fcomments&post=471"}],"version-history":[{"count":5,"href":"https:\/\/www.urban-architecture.com\/index.php?rest_route=\/wp\/v2\/posts\/471\/revisions"}],"predecessor-version":[{"id":478,"href":"https:\/\/www.urban-architecture.com\/index.php?rest_route=\/wp\/v2\/posts\/471\/revisions\/478"}],"wp:attachment":[{"href":"https:\/\/www.urban-architecture.com\/index.php?rest_route=%2Fwp%2Fv2%2Fmedia&parent=471"}],"wp:term":[{"taxonomy":"category","embeddable":true,"href":"https:\/\/www.urban-architecture.com\/index.php?rest_route=%2Fwp%2Fv2%2Fcategories&post=471"},{"taxonomy":"post_tag","embeddable":true,"href":"https:\/\/www.urban-architecture.com\/index.php?rest_route=%2Fwp%2Fv2%2Ftags&post=471"}],"curies":[{"name":"wp","href":"https:\/\/api.w.org\/{rel}","templated":true}]}}