{"id":499,"date":"2017-04-28T17:16:55","date_gmt":"2017-04-28T16:16:55","guid":{"rendered":"http:\/\/www.urban-architecture.com\/?p=499"},"modified":"2017-04-28T17:18:28","modified_gmt":"2017-04-28T16:18:28","slug":"baubeginn-in-nufringen","status":"publish","type":"post","link":"https:\/\/www.urban-architecture.com\/?p=499","title":{"rendered":"Baubeginn in Nufringen!"},"content":{"rendered":"<p>Der erste Bauabschnitt der Umgestaltung der Ortsmitte und der Ortsdurchfahrt in Nufringen hat begonnen. Erst werden die notwendigen Tiefbauarbeiten ausgef\u00fchrt bevor es an die Gestaltung der Oberfl\u00e4chen geht. Insgesamt werden bis in das n\u00e4chste Jahr vier Bauabschnitte ausgef\u00fchrt.<\/p>\n<p><img data-recalc-dims=\"1\" loading=\"lazy\" decoding=\"async\" class=\"alignnone wp-image-500 size-full\" src=\"https:\/\/i0.wp.com\/www.urban-architecture.com\/wp-content\/uploads\/2017\/04\/IMG_8794.jpg?resize=700%2C394&#038;ssl=1\" alt=\"\" width=\"700\" height=\"394\" \/><\/p>\n","protected":false},"excerpt":{"rendered":"<p>Der erste Bauabschnitt der Umgestaltung der Ortsmitte und der Ortsdurchfahrt in Nufringen hat begonnen. Erst werden die notwendigen Tiefbauarbeiten ausgef\u00fchrt bevor es an die Gestaltung der Oberfl\u00e4chen geht. Insgesamt werden bis in das n\u00e4chste Jahr vier Bauabschnitte ausgef\u00fchrt.<\/p>\n","protected":false},"author":1,"featured_media":0,"comment_status":"closed","ping_status":"open","sticky":false,"template":"","format":"standard","meta":{"advanced_seo_description":"","jetpack_seo_html_title":"","jetpack_seo_noindex":false,"_jetpack_memberships_contains_paid_content":false,"footnotes":""},"categories":[1],"tags":[],"class_list":["post-499","post","type-post","status-publish","format-standard","hentry","category-uncategorized"],"jetpack_featured_media_url":"","jetpack_sharing_enabled":true,"_links":{"self":[{"href":"https:\/\/www.urban-architecture.com\/index.php?rest_route=\/wp\/v2\/posts\/499","targetHints":{"allow":["GET"]}}],"collection":[{"href":"https:\/\/www.urban-architecture.com\/index.php?rest_route=\/wp\/v2\/posts"}],"about":[{"href":"https:\/\/www.urban-architecture.com\/index.php?rest_route=\/wp\/v2\/types\/post"}],"author":[{"embeddable":true,"href":"https:\/\/www.urban-architecture.com\/index.php?rest_route=\/wp\/v2\/users\/1"}],"replies":[{"embeddable":true,"href":"https:\/\/www.urban-architecture.com\/index.php?rest_route=%2Fwp%2Fv2%2Fcomments&post=499"}],"version-history":[{"count":2,"href":"https:\/\/www.urban-architecture.com\/index.php?rest_route=\/wp\/v2\/posts\/499\/revisions"}],"predecessor-version":[{"id":502,"href":"https:\/\/www.urban-architecture.com\/index.php?rest_route=\/wp\/v2\/posts\/499\/revisions\/502"}],"wp:attachment":[{"href":"https:\/\/www.urban-architecture.com\/index.php?rest_route=%2Fwp%2Fv2%2Fmedia&parent=499"}],"wp:term":[{"taxonomy":"category","embeddable":true,"href":"https:\/\/www.urban-architecture.com\/index.php?rest_route=%2Fwp%2Fv2%2Fcategories&post=499"},{"taxonomy":"post_tag","embeddable":true,"href":"https:\/\/www.urban-architecture.com\/index.php?rest_route=%2Fwp%2Fv2%2Ftags&post=499"}],"curies":[{"name":"wp","href":"https:\/\/api.w.org\/{rel}","templated":true}]}}