{"id":547,"date":"2017-10-27T10:48:15","date_gmt":"2017-10-27T09:48:15","guid":{"rendered":"http:\/\/www.urban-architecture.com\/?p=547"},"modified":"2017-11-07T11:01:57","modified_gmt":"2017-11-07T10:01:57","slug":"spatenstich-und-baubeginn-in-kirchheim","status":"publish","type":"post","link":"https:\/\/www.urban-architecture.com\/?p=547","title":{"rendered":"Spatenstich und Baubeginn in Kirchheim"},"content":{"rendered":"<div id=\"attachment_548\" style=\"width: 3553px\" class=\"wp-caption alignnone\"><img data-recalc-dims=\"1\" loading=\"lazy\" decoding=\"async\" aria-describedby=\"caption-attachment-548\" class=\"wp-image-548 size-full\" src=\"https:\/\/i0.wp.com\/www.urban-architecture.com\/wp-content\/uploads\/2017\/11\/170918mb16.jpg?resize=700%2C448&#038;ssl=1\" alt=\"\" width=\"700\" height=\"448\" \/><p id=\"caption-attachment-548\" class=\"wp-caption-text\">Spatenstich bzw. Baubeginn auf dem Hallenbadgel\u00e4nde in Kirchheim \/ Teck<\/p><\/div>\n<p>Am 18.September fand bei sch\u00f6nstem Herbstwetter der lang ersehnte Spatenstich am ehemaligen Hallenbadgel\u00e4nde in Kirchheim \/ Teck statt. Insgesamt werden 42 Wohnungen, 16 Reihenh\u00e4user und 2 Gewerbeeinheiten auf dem Areal errichtet. F\u00fcr die Bewohner ist auch ein gemeinschaftlicher Raum f\u00fcr Geburtstage, Kinderfeste, gemeinsames Kochen und Treffpunkt vorgesehen.<\/p>\n<p>Die Baustelle schreitet rasch voran. Erkennbar sind bereits die Aussenw\u00e4nde des Haus am Park sowie die Tiefgarage.<\/p>\n<p><img data-recalc-dims=\"1\" loading=\"lazy\" decoding=\"async\" class=\"alignnone size-full wp-image-549\" src=\"https:\/\/i0.wp.com\/www.urban-architecture.com\/wp-content\/uploads\/2017\/11\/IMG_2338.jpg?resize=700%2C525&#038;ssl=1\" alt=\"\" width=\"700\" height=\"525\" \/> <img data-recalc-dims=\"1\" loading=\"lazy\" decoding=\"async\" class=\"alignnone size-full wp-image-550\" src=\"https:\/\/i0.wp.com\/www.urban-architecture.com\/wp-content\/uploads\/2017\/11\/IMG_2336.jpg?resize=700%2C525&#038;ssl=1\" alt=\"\" width=\"700\" height=\"525\" \/><\/p>\n","protected":false},"excerpt":{"rendered":"<p>Am 18.September fand bei sch\u00f6nstem Herbstwetter der lang ersehnte Spatenstich am ehemaligen Hallenbadgel\u00e4nde in Kirchheim \/ Teck statt. Insgesamt werden 42 Wohnungen, 16 Reihenh\u00e4user und 2 Gewerbeeinheiten auf dem Areal errichtet. F\u00fcr die Bewohner ist auch ein gemeinschaftlicher Raum f\u00fcr Geburtstage, Kinderfeste, gemeinsames Kochen und Treffpunkt vorgesehen. Die Baustelle schreitet rasch voran. Erkennbar sind bereits [&hellip;]<\/p>\n","protected":false},"author":1,"featured_media":0,"comment_status":"closed","ping_status":"open","sticky":false,"template":"","format":"standard","meta":{"advanced_seo_description":"","jetpack_seo_html_title":"","jetpack_seo_noindex":false,"_jetpack_memberships_contains_paid_content":false,"footnotes":""},"categories":[1],"tags":[],"class_list":["post-547","post","type-post","status-publish","format-standard","hentry","category-uncategorized"],"jetpack_featured_media_url":"","jetpack_sharing_enabled":true,"_links":{"self":[{"href":"https:\/\/www.urban-architecture.com\/index.php?rest_route=\/wp\/v2\/posts\/547","targetHints":{"allow":["GET"]}}],"collection":[{"href":"https:\/\/www.urban-architecture.com\/index.php?rest_route=\/wp\/v2\/posts"}],"about":[{"href":"https:\/\/www.urban-architecture.com\/index.php?rest_route=\/wp\/v2\/types\/post"}],"author":[{"embeddable":true,"href":"https:\/\/www.urban-architecture.com\/index.php?rest_route=\/wp\/v2\/users\/1"}],"replies":[{"embeddable":true,"href":"https:\/\/www.urban-architecture.com\/index.php?rest_route=%2Fwp%2Fv2%2Fcomments&post=547"}],"version-history":[{"count":1,"href":"https:\/\/www.urban-architecture.com\/index.php?rest_route=\/wp\/v2\/posts\/547\/revisions"}],"predecessor-version":[{"id":551,"href":"https:\/\/www.urban-architecture.com\/index.php?rest_route=\/wp\/v2\/posts\/547\/revisions\/551"}],"wp:attachment":[{"href":"https:\/\/www.urban-architecture.com\/index.php?rest_route=%2Fwp%2Fv2%2Fmedia&parent=547"}],"wp:term":[{"taxonomy":"category","embeddable":true,"href":"https:\/\/www.urban-architecture.com\/index.php?rest_route=%2Fwp%2Fv2%2Fcategories&post=547"},{"taxonomy":"post_tag","embeddable":true,"href":"https:\/\/www.urban-architecture.com\/index.php?rest_route=%2Fwp%2Fv2%2Ftags&post=547"}],"curies":[{"name":"wp","href":"https:\/\/api.w.org\/{rel}","templated":true}]}}