{"id":581,"date":"2018-05-03T18:07:44","date_gmt":"2018-05-03T17:07:44","guid":{"rendered":"http:\/\/www.urban-architecture.com\/?p=581"},"modified":"2018-08-03T08:06:51","modified_gmt":"2018-08-03T07:06:51","slug":"kirchheim-wachst","status":"publish","type":"post","link":"https:\/\/www.urban-architecture.com\/?p=581","title":{"rendered":"Kirchheim w\u00e4chst!"},"content":{"rendered":"<p>Die Baustelle f\u00fcr das alte Hallenbadgel\u00e4nde w\u00e4chst nun bei dem sch\u00f6nen Wetter schnell in die H\u00f6he. Die letzten Details werden gezeichnet und die Farben f\u00fcr die verschiedenen Materialien sind entschieden&#8230;.<\/p>\n<div id=\"attachment_608\" style=\"width: 1210px\" class=\"wp-caption alignnone\"><img data-recalc-dims=\"1\" loading=\"lazy\" decoding=\"async\" aria-describedby=\"caption-attachment-608\" class=\"wp-image-608 size-full\" src=\"https:\/\/i0.wp.com\/www.urban-architecture.com\/wp-content\/uploads\/2018\/05\/IMG_2685-e1525367070721.jpg?resize=700%2C525&#038;ssl=1\" alt=\"\" width=\"700\" height=\"525\" \/><p id=\"caption-attachment-608\" class=\"wp-caption-text\">Die gesamte Baustelle!<\/p><\/div>\n<div id=\"attachment_602\" style=\"width: 1210px\" class=\"wp-caption alignnone\"><img data-recalc-dims=\"1\" loading=\"lazy\" decoding=\"async\" aria-describedby=\"caption-attachment-602\" class=\"wp-image-602 size-full\" src=\"https:\/\/i0.wp.com\/www.urban-architecture.com\/wp-content\/uploads\/2018\/05\/IMG_2677-e1525366039929.jpg?resize=700%2C525&#038;ssl=1\" alt=\"\" width=\"700\" height=\"525\" \/><p id=\"caption-attachment-602\" class=\"wp-caption-text\">Eingangsbereich Haus am Park mit dem Gemeinschaftsraum f\u00fcr die Bewohner<\/p><\/div>\n<div id=\"attachment_603\" style=\"width: 4042px\" class=\"wp-caption alignnone\"><img data-recalc-dims=\"1\" loading=\"lazy\" decoding=\"async\" aria-describedby=\"caption-attachment-603\" class=\"wp-image-603 size-full\" src=\"https:\/\/i0.wp.com\/www.urban-architecture.com\/wp-content\/uploads\/2018\/05\/IMG_2670.jpg?resize=700%2C525&#038;ssl=1\" alt=\"\" width=\"700\" height=\"525\" \/><p id=\"caption-attachment-603\" class=\"wp-caption-text\">Langsam nimmt die Wohngasse Gestalt an<\/p><\/div>\n<div id=\"attachment_610\" style=\"width: 3113px\" class=\"wp-caption alignnone\"><img data-recalc-dims=\"1\" loading=\"lazy\" decoding=\"async\" aria-describedby=\"caption-attachment-610\" class=\"wp-image-610 size-full\" src=\"https:\/\/i0.wp.com\/www.urban-architecture.com\/wp-content\/uploads\/2018\/05\/IMG_2660_bearbeitet-e1525367116338.jpg?resize=700%2C203&#038;ssl=1\" alt=\"\" width=\"700\" height=\"203\" srcset=\"https:\/\/i0.wp.com\/www.urban-architecture.com\/wp-content\/uploads\/2018\/05\/IMG_2660_bearbeitet-e1525367116338.jpg?w=3103&amp;ssl=1 3103w, https:\/\/i0.wp.com\/www.urban-architecture.com\/wp-content\/uploads\/2018\/05\/IMG_2660_bearbeitet-e1525367116338.jpg?w=1400&amp;ssl=1 1400w, https:\/\/i0.wp.com\/www.urban-architecture.com\/wp-content\/uploads\/2018\/05\/IMG_2660_bearbeitet-e1525367116338.jpg?w=2100&amp;ssl=1 2100w\" sizes=\"auto, (max-width: 700px) 100vw, 700px\" \/><p id=\"caption-attachment-610\" class=\"wp-caption-text\">Das 1.Obergeschoss mit Blick in den Laubengang<\/p><\/div>\n<div id=\"attachment_604\" style=\"width: 4042px\" class=\"wp-caption alignnone\"><img data-recalc-dims=\"1\" loading=\"lazy\" decoding=\"async\" aria-describedby=\"caption-attachment-604\" class=\"wp-image-604 size-full\" src=\"https:\/\/i0.wp.com\/www.urban-architecture.com\/wp-content\/uploads\/2018\/05\/IMG_2657.jpg?resize=700%2C525&#038;ssl=1\" alt=\"\" width=\"700\" height=\"525\" \/><p id=\"caption-attachment-604\" class=\"wp-caption-text\">Nur ein Geschoss fehlt noch!<\/p><\/div>\n","protected":false},"excerpt":{"rendered":"<p>Die Baustelle f\u00fcr das alte Hallenbadgel\u00e4nde w\u00e4chst nun bei dem sch\u00f6nen Wetter schnell in die H\u00f6he. Die letzten Details werden gezeichnet und die Farben f\u00fcr die verschiedenen Materialien sind entschieden&#8230;.<\/p>\n","protected":false},"author":1,"featured_media":0,"comment_status":"closed","ping_status":"open","sticky":false,"template":"","format":"standard","meta":{"advanced_seo_description":"","jetpack_seo_html_title":"","jetpack_seo_noindex":false,"_jetpack_memberships_contains_paid_content":false,"footnotes":""},"categories":[1],"tags":[],"class_list":["post-581","post","type-post","status-publish","format-standard","hentry","category-uncategorized"],"jetpack_featured_media_url":"","jetpack_sharing_enabled":true,"_links":{"self":[{"href":"https:\/\/www.urban-architecture.com\/index.php?rest_route=\/wp\/v2\/posts\/581","targetHints":{"allow":["GET"]}}],"collection":[{"href":"https:\/\/www.urban-architecture.com\/index.php?rest_route=\/wp\/v2\/posts"}],"about":[{"href":"https:\/\/www.urban-architecture.com\/index.php?rest_route=\/wp\/v2\/types\/post"}],"author":[{"embeddable":true,"href":"https:\/\/www.urban-architecture.com\/index.php?rest_route=\/wp\/v2\/users\/1"}],"replies":[{"embeddable":true,"href":"https:\/\/www.urban-architecture.com\/index.php?rest_route=%2Fwp%2Fv2%2Fcomments&post=581"}],"version-history":[{"count":4,"href":"https:\/\/www.urban-architecture.com\/index.php?rest_route=\/wp\/v2\/posts\/581\/revisions"}],"predecessor-version":[{"id":651,"href":"https:\/\/www.urban-architecture.com\/index.php?rest_route=\/wp\/v2\/posts\/581\/revisions\/651"}],"wp:attachment":[{"href":"https:\/\/www.urban-architecture.com\/index.php?rest_route=%2Fwp%2Fv2%2Fmedia&parent=581"}],"wp:term":[{"taxonomy":"category","embeddable":true,"href":"https:\/\/www.urban-architecture.com\/index.php?rest_route=%2Fwp%2Fv2%2Fcategories&post=581"},{"taxonomy":"post_tag","embeddable":true,"href":"https:\/\/www.urban-architecture.com\/index.php?rest_route=%2Fwp%2Fv2%2Ftags&post=581"}],"curies":[{"name":"wp","href":"https:\/\/api.w.org\/{rel}","templated":true}]}}